{"id":1119,"date":"2015-11-26T15:50:23","date_gmt":"2015-11-26T14:50:23","guid":{"rendered":"https:\/\/dev.onyx-cie.ch\/en\/post\/reglement-europeen-sur-les-successions\/"},"modified":"2018-12-07T10:09:16","modified_gmt":"2018-12-07T09:09:16","slug":"reglement-europeen-sur-les-successions","status":"publish","type":"post","link":"https:\/\/dev.onyx-cie.ch\/en\/reglement-europeen-sur-les-successions\/","title":{"rendered":"Le R\u00e8glement europ\u00e9en sur les successions est entr\u00e9 en vigueur \u2013 Quel impact en Suisse ?"},"content":{"rendered":"<p><span style=\"color: #808080;\">Avec l\u2019accroissement de la mobilit\u00e9 des personnes au sein de l\u2019Union europ\u00e9enne et la diversification internationale des patrimoines, des probl\u00e8mes complexes en mati\u00e8re de successions se posent, notamment s\u2019agissant du droit applicable et de la comp\u00e9tence des tribunaux.<\/span><\/p>\n<p style=\"text-align: justify;\"><span style=\"color: #808080;\">Conclu en 2012 mais <strong>en force depuis le 17 ao\u00fbt dernier,<\/strong> le nouveau R\u00e8glement europ\u00e9en sur les successions (<a title=\"R\u00e8glement europ\u00e9en sur les successions\" href=\"http:\/\/eur-lex.europa.eu\/legal-content\/FR\/TXT\/?uri=celex:32012R0650\" target=\"_blank\" rel=\"noopener\">R\u00e8glement No 650\/2012 du 4 juillet 2012 relatif \u00e0 la comp\u00e9tence, la loi applicable, la reconnaissance et l&#8217;ex\u00e9cution des d\u00e9cisions, et l&#8217;acceptation et l&#8217;ex\u00e9cution des actes authentiques en mati\u00e8re de successions et \u00e0 la cr\u00e9ation d&#8217;un certificat successoral europ\u00e9en<\/a>, ci-apr\u00e8s \u00ab le R\u00e8glement\u00a0 europ\u00e9en\u00bb) a justement pour vocation d\u2019harmoniser les r\u00e8gles de droit international priv\u00e9, de permettre une r\u00e9solution plus rapide et efficace des successions, d\u2019\u00e9viter les d\u00e9cisions contradictoires et de faciliter la reconnaissance d\u2019actes et de d\u00e9cisions \u00e9trangers.<\/span><\/p>\n<p style=\"text-align: justify;\"><span style=\"color: #808080;\">Ce texte est destin\u00e9 \u00e0 s\u2019appliquer de la fa\u00e7on la plus large possible et peut r\u00e9gir m\u00eame les successions concernant des Etats non europ\u00e9ens, appel\u00e9s \u00ab Etat tiers \u00bb, ou des pays europ\u00e9ens non participants au R\u00e8glement comme le Royaume-Uni, l\u2019Irlande et le Danemark.<\/span><\/p>\n<p style=\"text-align: justify;\"><span style=\"color: #808080;\">Bien que la Suisse ne soit pas membre de l\u2019Union europ\u00e9enne, <strong>l\u2019impact de cet instrument est significatif dans notre pays.<\/strong><\/span><\/p>\n<p style=\"text-align: center;\"><span style=\"color: #808080;\">*****<\/span><\/p>\n<h2 style=\"text-align: justify;\"><span style=\"text-decoration: underline;\"><span style=\"color: #0000ff; text-decoration: underline;\">1. Champ d&#8217;application du R\u00e8glement europ\u00e9en sur les successions<\/span><\/span><\/h2>\n<p style=\"text-align: justify;\"><span style=\"color: #808080;\">Le R\u00e8glement europ\u00e9en s\u2019applique aux successions ayant des incidences transfrontali\u00e8res, c\u2019est-\u00e0-dire \u00e0 \u00ab\u00a0toute forme de transfert de biens, de droits et d\u2019obligations \u00e0 cause de mort\u00a0\u00bb, que ce soit par le biais d\u2019un testament, d\u2019un pacte successoral, d\u2019un trust ou au travers des r\u00e8gles l\u00e9gales ordinaires.<\/span><\/p>\n<p style=\"text-align: justify;\"><span style=\"color: #808080;\">En revanche, <strong>est exclu du champ d\u2019application<\/strong> toutes les questions li\u00e9es aux r\u00e9gimes matrimoniaux, aux donations entre vifs, aux trusts, aux droits r\u00e9els ainsi qu\u2019\u00e0 <strong>la fiscalit\u00e9 applicable aux successions.<\/strong><\/span><\/p>\n<p style=\"text-align: center;\"><em><span style=\"color: #0000ff;\">\u00ab Le R\u00e8glement europ\u00e9en ne vise pas \u00e0 unifier le droit successoral mat\u00e9riel des Etats membres.\u00bb<\/span><\/em><\/p>\n<p style=\"text-align: justify;\"><span style=\"color: #808080;\">Il est important de relever que <strong>chaque Etat membre conserve son propre droit interne<\/strong>, le R\u00e8glement europ\u00e9en\u00a0se limitant aux questions de comp\u00e9tence et de droit applicable entre autres.<\/span><\/p>\n<p style=\"text-align: justify;\"><span style=\"color: #808080;\">Enfin, les nouvelles dispositions s\u2019appliquent \u00e0 toute personne qui d\u00e9c\u00e8de au 15 ao\u00fbt 2015 ou post\u00e9rieurement. A noter toutefois que le R\u00e8glement europ\u00e9en\u00a0n\u2019affecte pas les conventions internationales en vigueur lors de l\u2019adoption de celui-ci entre les Etats membres et les Etats tiers (par exemple, la <a title=\"Convention d'\u00e9tablissement et consulaire entre la Suisse et l'Italie\" href=\"https:\/\/www.admin.ch\/opc\/fr\/classified-compilation\/18680003\/index.html\" target=\"_blank\" rel=\"noopener\">Convention d&#8217;\u00e9tablissement et consulaire entre la Suisse et l&#8217;Italie du 22 juillet 1868, RS 0.142.114.541<\/a>).<\/span><\/p>\n<p style=\"text-align: justify;\"><span style=\"color: #808080;\">S\u2019agissant des ressortissants suisses et des r\u00e9sidents en Suisse, le R\u00e8glement europ\u00e9en\u00a0a des r\u00e9percussions importantes principalement dans les cas suivants\u00a0:<\/span><\/p>\n<ul style=\"text-align: justify;\">\n<li><span style=\"color: #808080;\">La personne d\u00e9c\u00e9d\u00e9e \u00e9tait de nationalit\u00e9 suisse et r\u00e9sidait habituellement dans un Etat membre au moment de la mort\u00a0;<\/span><\/li>\n<\/ul>\n<ul style=\"text-align: justify;\">\n<li><span style=\"color: #808080;\">L\u2019individu d\u00e9c\u00e9d\u00e9 avait la r\u00e9sidence en Suisse au jour du d\u00e9c\u00e8s mais poss\u00e9dait la nationalit\u00e9 d\u2019un Etat membre et avait fait une \u00e9lection de droit en faveur de cet Etat\u00a0;<\/span><\/li>\n<\/ul>\n<ul>\n<li style=\"text-align: justify;\"><span style=\"color: #808080;\">Le de cujus r\u00e9sidait en Suisse au jour du d\u00e9c\u00e8s mais disposait de biens dans un Etat membre.<\/span><\/li>\n<\/ul>\n<p style=\"text-align: center;\"><em><span style=\"color: #0000ff;\">\u00ab Les aspects fiscaux ne sont pas concern\u00e9s par le R\u00e8glement europ\u00e9en.\u00bb<\/span><\/em><\/p>\n<h2><span style=\"text-decoration: underline;\"><span style=\"color: #0000ff; text-decoration: underline;\">2. R\u00e8gles applicables<\/span><\/span><\/h2>\n<p><span style=\"color: #808080;\">Jusqu\u2019au 17 ao\u00fbt 2015, lorsqu\u2019une personne d\u00e9c\u00e9dait et poss\u00e9dait des int\u00e9r\u00eats dans plusieurs pays, le droit successoral de chaque Etat s\u2019appliquait cumulativement cr\u00e9ant parfois des conflits de lois.<\/span><\/p>\n<p style=\"text-align: justify;\"><span style=\"color: #808080;\"><strong>Le R\u00e8glement\u00a0 europ\u00e9en pr\u00e9voit dor\u00e9navant de traiter la succession comme un tout. Ainsi, une seule autorit\u00e9 sera comp\u00e9tente pour l\u2019ensemble de la succession \u00e0 savoir celle de la derni\u00e8re r\u00e9sidence habituelle du d\u00e9funt au jour de son d\u00e9c\u00e8s. S\u2019agissant du droit applicable, la m\u00eame r\u00e8gle s\u2019applique, peu importe la nature et le lieu de situation des biens.<\/strong><\/span><\/p>\n<p><span style=\"color: #808080;\">D\u00e8s lors, les h\u00e9ritiers d\u2019une personne r\u00e9sidente en Suisse au jour de son d\u00e9c\u00e8s verront les autorit\u00e9s fran\u00e7aises appliquer le droit suisse s\u2019agissant des immeubles situ\u00e9s en France. Il s\u2019agit l\u00e0 d\u2019une nouveaut\u00e9 importante.<\/span><\/p>\n<p style=\"text-align: center;\"><em><span style=\"color: #0000ff;\">\u00ab\u00a0Les tribunaux de la derni\u00e8re r\u00e9sidence habituelle du d\u00e9funt sont comp\u00e9tents (art. 4).\u00a0\u00bb<\/span><\/em><\/p>\n<p style=\"text-align: justify;\"><span style=\"color: #808080;\">Bien que le R\u00e8glement europ\u00e9en\u00a0ne donne pas une d\u00e9finition pr\u00e9cise de la notion de r\u00e9sidence habituelle, les consid\u00e9rants de celui-ci permettent de fournir certains \u00e9claircissements :<\/span><\/p>\n<p style=\"text-align: justify;\"><span style=\"color: #808080;\">Ainsi, \u00ab afin de d\u00e9terminer la r\u00e9sidence habituelle, l&#8217;autorit\u00e9 charg\u00e9e de la succession devrait proc\u00e9der \u00e0 une \u00e9valuation d&#8217;ensemble des circonstances de la vie du d\u00e9funt au cours des ann\u00e9es pr\u00e9c\u00e9dant son d\u00e9c\u00e8s et au moment de son d\u00e9c\u00e8s, prenant en compte tous les \u00e9l\u00e9ments de fait pertinents, notamment la dur\u00e9e et la r\u00e9gularit\u00e9 de la pr\u00e9sence du d\u00e9funt dans l&#8217;\u00c9tat concern\u00e9 ainsi que les conditions et les raisons de cette pr\u00e9sence\u00a0\u00bb (23).<\/span><\/p>\n<p style=\"text-align: justify;\"><span style=\"color: #808080;\">En cas de pluralit\u00e9 de r\u00e9sidence, par exemple l\u2019une professionnelle et l\u2019autre familiale, \u00ab le d\u00e9funt pourrait, en fonction des circonstances de l&#8217;esp\u00e8ce, \u00eatre consid\u00e9r\u00e9 comme ayant toujours sa r\u00e9sidence habituelle dans son \u00c9tat d&#8217;origine, dans lequel se trouvait le centre des int\u00e9r\u00eats de sa vie familiale et sociale \u00bb (24). La nationalit\u00e9 et le lieu de situation des biens peuvent \u00e9galement constituer un crit\u00e8re particulier pour l&#8217;appr\u00e9ciation globale de toutes les circonstances de fait dans les cas complexes.<\/span><\/p>\n<div class=\"fusion-fullwidth fullwidth-box fusion-builder-row-1 hundred-percent-fullwidth non-hundred-percent-height-scrolling\" style=\"background-color: rgba(255,255,255,0);background-position: center center;background-repeat: no-repeat;padding-top:0px;padding-right:0px;padding-bottom:0px;padding-left:0px;margin-bottom: 0px;margin-top: 0px;border-width: 0px 0px 0px 0px;border-color:#eae9e9;border-style:solid;\" ><div class=\"fusion-builder-row fusion-row\"><div class=\"fusion-layout-column fusion_builder_column fusion-builder-column-0 fusion_builder_column_1_1 1_1 fusion-one-full fusion-column-first fusion-column-last fusion-column-no-min-height\" style=\"margin-top:0px;margin-bottom:0px;\"><div class=\"fusion-column-wrapper fusion-flex-column-wrapper-legacy\" style=\"background-position:left top;background-repeat:no-repeat;-webkit-background-size:cover;-moz-background-size:cover;-o-background-size:cover;background-size:cover;padding: 0px 0px 0px 0px;\">\n<div id=\"attachment_1056\" style=\"width: 400px\" class=\"wp-caption aligncenter\"><a href=\"https:\/\/dev.onyx-cie.ch\/wp-content\/uploads\/2015\/11\/transmettre1.jpg\"><img decoding=\"async\" aria-describedby=\"caption-attachment-1056\" class=\" wp-image-1056\" src=\"https:\/\/dev.onyx-cie.ch\/wp-content\/uploads\/2015\/11\/transmettre1.jpg\" alt=\"Loi et for applicables aux successions internationales\" width=\"390\" height=\"271\" srcset=\"https:\/\/dev.onyx-cie.ch\/wp-content\/uploads\/2015\/11\/transmettre1-300x208.jpg 300w, https:\/\/dev.onyx-cie.ch\/wp-content\/uploads\/2015\/11\/transmettre1.jpg 1000w\" sizes=\"(max-width: 390px) 100vw, 390px\" \/><\/a><p id=\"caption-attachment-1056\" class=\"wp-caption-text\"><span style=\"color: #ff0000;\">Onyx et Cie SA : Transmettre son patrimoine aux g\u00e9n\u00e9rations suivantes<\/span><\/p><\/div>\n<p style=\"text-align: justify;\"><span style=\"color: #808080;\">Or, <strong>le concept de r\u00e9sidence habituelle selon le droit europ\u00e9en ne se recoupe pas n\u00e9cessairement avec <a title=\"Loi f\u00e9d\u00e9rale sur le droit international priv\u00e9\" href=\"https:\/\/www.admin.ch\/opc\/fr\/classified-compilation\/19870312\/index.html\" target=\"_blank\" rel=\"noopener\">les r\u00e8gles de droit international priv\u00e9 suisse<\/a><\/strong>. En effet, alors que le R\u00e8glement europ\u00e9en se focalise sur les circonstances existant au jour du d\u00e9c\u00e8s et dans les ann\u00e9es ant\u00e9rieures, le droit suisse retient que le dernier domicile du d\u00e9funt se trouve dans l&#8217;Etat dans lequel il r\u00e9side avec l&#8217;intention de s&#8217;y \u00e9tablir, impliquant une r\u00e9f\u00e9rence au futur.<\/span><\/p>\n<p style=\"text-align: justify;\"><span style=\"color: #808080;\"><strong>Cette diff\u00e9rence d\u2019approche peut conduire \u00e0 des conflits de comp\u00e9tence et de droit applicable.<\/strong> Ainsi, tel peut \u00eatre le cas dans l\u2019hypoth\u00e8se d\u2019un ressortissant fran\u00e7ais qui quitte la France et se domicilie en Suisse mais qui d\u00e9c\u00e8de peu apr\u00e8s sa relocalisation. Les autorit\u00e9s suisses vont consid\u00e9rer le dernier domicile du d\u00e9funt en Suisse alors que du point de vue fran\u00e7ais, l\u2019on retiendra peut-\u00eatre que la derni\u00e8re r\u00e9sidence de cette personne se trouvait encore en France. Tant les Suisses que les Fran\u00e7ais s\u2019estimeront comp\u00e9tents et appliqueront leur droit interne respectif.<\/span><\/p>\n<p style=\"text-align: justify;\"><span style=\"color: #808080;\">A noter que le R\u00e8glement europ\u00e9en pr\u00e9voit encore des comp\u00e9tences subsidiaires dans certaines hypoth\u00e8ses (art. 10) :<\/span><\/p>\n<p style=\"text-align: justify;\"><span style=\"color: #808080;\">Ainsi, lorsque la r\u00e9sidence habituelle du d\u00e9funt au jour du d\u00e9c\u00e8s n&#8217;est pas situ\u00e9e dans un \u00c9tat membre (par exemple la Suisse) mais que des biens successoraux s\u2019y trouvent, les juridictions de l&#8217;\u00c9tat membre sont n\u00e9anmoins comp\u00e9tentes pour statuer sur l&#8217;ensemble (y compris les biens situ\u00e9s en Suisse par exemple) de la succession dans la mesure o\u00f9 :<\/span><\/p>\n<p style=\"text-align: justify;\"><span style=\"color: #808080;\">a) le d\u00e9funt poss\u00e9dait la nationalit\u00e9 de cet \u00c9tat membre au moment du d\u00e9c\u00e8s; ou \u00e0 d\u00e9faut,<\/span><\/p>\n<p style=\"text-align: justify;\"><span style=\"color: #808080;\">b) la personne d\u00e9c\u00e9d\u00e9e avait sa r\u00e9sidence habituelle ant\u00e9rieure dans cet \u00c9tat membre, \u00e0 condition qu\u2019au moment de la saisine de la juridiction, il ne se soit pas \u00e9coul\u00e9 plus de cinq ans depuis le changement de cette r\u00e9sidence habituelle.<\/span><\/p>\n<p style=\"text-align: justify;\"><span style=\"color: #808080;\">L\u00e0 encore, un conflit de juridictions avec le droit suisse est possible dans la mesure o\u00f9 tant les autorit\u00e9s suisses que celle de l\u2019Etat membre se d\u00e9clareront comp\u00e9tentes pour r\u00e9gler l\u2019entier de la succession.<\/span><\/p>\n<p style=\"text-align: justify;\"><span style=\"color: #808080;\">Enfin, dans l\u2019hypoth\u00e8se o\u00f9 le de cujus ne poss\u00e9dait ni la nationalit\u00e9 d\u2019un Etat membre ni ne r\u00e9sidait dans un tel Etat, les autorit\u00e9s dans lequel sont situ\u00e9s des biens successoraux sont n\u00e9anmoins comp\u00e9tentes pour statuer sur le sort de ceux-ci.<\/span><\/p>\n<p style=\"text-align: justify;\"><span style=\"color: #808080;\">Ainsi, un citoyen suisse r\u00e9sidant en Suisse au jour de son d\u00e9c\u00e8s mais disposant d\u2019un compte bancaire en France verra les autorit\u00e9s fran\u00e7aises r\u00e9gler les aspects successoraux relatifs \u00e0 ce compte. Le droit suisse serait n\u00e9anmoins applicable dans cette hypoth\u00e8se.<\/span><\/p>\n<p style=\"text-align: justify;\"><span style=\"color: #808080;\">En d\u00e9finitive, il convient de relever que <strong>les tribunaux de l\u2019Etat membre du lieu de r\u00e9sidence habituelle ou du lieu de situation des biens doivent parfois appliquer le droit national de l\u2019Etat tiers, au risque de provoquer une grande ins\u00e9curit\u00e9 juridique quant \u00e0 l\u2019utilisation du droit \u00e9tranger.<\/strong><\/span><\/p>\n<p style=\"text-align: justify;\"><span style=\"color: #808080;\">Le R\u00e8glement europ\u00e9en (art. 5) pr\u00e9voit certes la possibilit\u00e9 d\u2019une \u00e9lection de for en faveur des tribunaux de l\u2019Etat membre dont le d\u00e9funt a choisi la loi pour r\u00e9gir sa succession. Cette possibilit\u00e9 n\u2019est toutefois offerte que si la loi choisie est celle d\u2019un Etat membre et non celle d\u2019un Etat tiers comme la Suisse.<\/span><\/p>\n<p style=\"text-align: center;\"><span style=\"color: #0000ff;\"><em>\u00ab\u00a0La succession sera r\u00e9gie en r\u00e8gle g\u00e9n\u00e9rale par une loi unique \u00e0 savoir celle de la derni\u00e8re r\u00e9sidence habituelle du d\u00e9funt ou celle de sa nationalit\u00e9 (art. 21 et 22).\u00a0\u00bb<\/em><\/span><\/p>\n<p style=\"text-align: justify;\"><span style=\"color: #808080;\">Au niveau du droit applicable, il existe des exceptions \u00e0 la derni\u00e8re r\u00e9sidence habituelle du d\u00e9funt au jour de son d\u00e9c\u00e8s. Ainsi en est-il si le de cujus pr\u00e9sentait au moment de sa mort des liens manifestement plus \u00e9troits avec un autre Etat, la loi de cet autre Etat \u00e9tant alors applicable (art. 21). Cette disposition vise \u00e0 \u00e9viter que les individus changent de r\u00e9sidence peu avant leur mort afin de se soustraire \u00e0 l\u2019application des r\u00e8gles sur la r\u00e9serve h\u00e9r\u00e9ditaire par exemple. Cela revient toutefois une fois encore \u00e0 dissocier le <em>ius<\/em> du forum avec les risques d\u2019ins\u00e9curit\u00e9 que cela comporte.<\/span><\/p>\n<p style=\"text-align: justify;\"><span style=\"color: #808080;\">Par ailleurs, <strong>l\u2019article 22 du R\u00e8glement europ\u00e9en\u00a0permet au de cujus de choisir (<em>professio iuris<\/em>) la loi applicable \u00e0 sa succession de l\u2019Etat (y compris d\u2019un Etat tiers) dont il poss\u00e8de la nationalit\u00e9 au moment o\u00f9 il fait ce choix ou de sa mort<\/strong>. La m\u00eame possibilit\u00e9 existe en droit suisse pour les \u00e9trangers (<a title=\"Loi f\u00e9d\u00e9rale sur le droit international priv\u00e9\" href=\"https:\/\/www.admin.ch\/opc\/fr\/classified-compilation\/19870312\/index.html\" target=\"_blank\" rel=\"noopener\">art. 90 al. 2 LDIP<\/a>), \u00e0 condition de poss\u00e9der la nationalit\u00e9 en question au moment de son d\u00e9c\u00e8s.<\/span><\/p>\n<p style=\"text-align: justify;\"><span style=\"color: #808080;\">Une personne ayant plusieurs nationalit\u00e9s peut choisir la loi de tout \u00c9tat dont elle poss\u00e8de la nationalit\u00e9 au moment o\u00f9 elle fait ce choix ou au jour du d\u00e9c\u00e8s.<\/span><\/p>\n<p style=\"text-align: justify;\"><span style=\"color: #808080;\">Cette nouveaut\u00e9 importante du R\u00e8glement europ\u00e9en\u00a0ne va pas sans poser des probl\u00e8mes d\u2019ordre public. En effet, quid du ressortissant britannique r\u00e9sidant en France qui choisit de soumettre sa succession au droit anglais afin d\u2019\u00e9luder les r\u00e8gles fran\u00e7aises sur la r\u00e9serve h\u00e9r\u00e9ditaire ? Il n\u2019est pas certain que les autorit\u00e9s fran\u00e7aises acceptent ce choix dans un litige successoral.<\/span><\/p>\n<h2 style=\"text-align: justify;\"><span style=\"text-decoration: underline;\"><span style=\"color: #0000ff; text-decoration: underline;\">3. Autres dispositions du R\u00e8glement europ\u00e9en sur les succcessions<\/span><\/span><\/h2>\n<p style=\"text-align: justify;\"><span style=\"color: #808080;\"><strong>Le R\u00e8glement europ\u00e9en\u00a0innove en cr\u00e9ant<\/strong> un nouvel instrument transfrontalier, <strong>le certificat successoral europ\u00e9en<\/strong>. Ce certificat vise \u00e0 faciliter la reconnaissance du statut d\u2019h\u00e9ritier dans un autre Etat membre au conjoint, aux l\u00e9gataires et aux autres b\u00e9n\u00e9ficiaires d\u2019une succession ainsi qu\u2019\u00e0 permettre aux ex\u00e9cuteurs testamentaires et administrateurs d\u2019une succession d\u2019exercer leurs pouvoirs et leurs droits en cette qualit\u00e9. Il n\u2019a toutefois pas pour objectif d\u2019\u00e9vincer les certificats d\u2019h\u00e9r\u00e9dit\u00e9 nationaux, il se place en parall\u00e8le.<\/span><\/p>\n<p style=\"text-align: justify;\"><span style=\"color: #808080;\">Cet instrument est reconnu au niveau des Etat membres sans autres formalit\u00e9s mais il ne l\u2019est pas dans les Etat tiers. Une proc\u00e9dure de reconnaissance est \u00e9galement n\u00e9cessaire dans l\u2019Etat membre s\u2019agissant des certificats d\u2019h\u00e9ritiers \u00e9mis par les autorit\u00e9s suisses par exemple. Il en va de m\u00eame s\u2019agissant des d\u00e9cisions des tribunaux o\u00f9 une reconnaissance automatique n\u2019est possible qu\u2019entre les Etats membres.<\/span><\/p>\n<p style=\"text-align: justify;\"><span style=\"color: #808080;\">Par ailleurs, <strong>le R\u00e8glement europ\u00e9en\u00a0reconna\u00eet dans une tr\u00e8s large mesure la validit\u00e9 des testaments<\/strong> (art. 27), si ceux-ci ont \u00e9t\u00e9 faits conform\u00e9ment au droit :<\/span><\/p>\n<ul>\n<li style=\"text-align: justify;\"><span style=\"color: #808080;\">Du lieu o\u00f9 la disposition pour cause de mort a \u00e9t\u00e9 prise ;<\/span><\/li>\n<\/ul>\n<ul>\n<li style=\"text-align: justify;\"><span style=\"color: #808080;\">De la nationalit\u00e9, du domicile ou de la r\u00e9sidence habituelle du testateur ou d\u2019une personne concern\u00e9e par la succession, soit au moment o\u00f9 il l\u2019a \u00e9crit, soit au moment de son d\u00e9c\u00e8s ;<\/span><\/li>\n<\/ul>\n<ul>\n<li style=\"text-align: justify;\"><span style=\"color: #808080;\">Du lieu o\u00f9 les biens immobiliers en questions sont situ\u00e9s.<\/span><\/li>\n<\/ul>\n<div class=\"fusion-clearfix\"><\/div><\/div><\/div><div class=\"fusion-layout-column fusion_builder_column fusion-builder-column-1 fusion_builder_column_1_1 1_1 fusion-one-full fusion-column-first fusion-column-last fusion-column-no-min-height\" style=\"margin-top:0px;margin-bottom:0px;\"><div class=\"fusion-column-wrapper fusion-flex-column-wrapper-legacy\" style=\"background-position:left top;background-repeat:no-repeat;-webkit-background-size:cover;-moz-background-size:cover;-o-background-size:cover;background-size:cover;padding: 0px 0px 0px 0px;\">\n<div id=\"attachment_1058\" style=\"width: 404px\" class=\"wp-caption aligncenter\"><a href=\"https:\/\/dev.onyx-cie.ch\/wp-content\/uploads\/2015\/11\/Testament.jpg\"><img decoding=\"async\" aria-describedby=\"caption-attachment-1058\" class=\" wp-image-1058\" src=\"https:\/\/dev.onyx-cie.ch\/wp-content\/uploads\/2015\/11\/Testament.jpg\" alt=\"Onyx &amp; Cie SA family office impact en Suisse du R\u00e8glement europ\u00e9en sur les successions\" width=\"394\" height=\"262\" srcset=\"https:\/\/dev.onyx-cie.ch\/wp-content\/uploads\/2015\/11\/Testament-300x200.jpg 300w, https:\/\/dev.onyx-cie.ch\/wp-content\/uploads\/2015\/11\/Testament.jpg 1000w\" sizes=\"(max-width: 394px) 100vw, 394px\" \/><\/a><p id=\"caption-attachment-1058\" class=\"wp-caption-text\"><span style=\"color: #ff0000;\">Onyx et Cie SA : pr\u00e9parer son testament suffisamment t\u00f4t afin d&#8217;\u00e9viter d&#8217;\u00eatre pris au d\u00e9pourvu.<\/span><\/p><\/div>\n<p style=\"text-align: justify;\"><span style=\"color: #808080;\">Le R\u00e8glement europ\u00e9en\u00a0invite \u00e9galement l\u2019Etat comp\u00e9tent pour la succession \u00e0 reconna\u00eetre des droits r\u00e9els inconnus dans son pays en l\u2019adaptant \u00e0 un droit \u00e9quivalent existant. Par exemple, si les autorit\u00e9s fran\u00e7aises sont comp\u00e9tentes pour appliquer du droit britannique, elles devront ranger le trust, inconnu en droit fran\u00e7ais, dans une cat\u00e9gorie juridique fran\u00e7aise connue : contrat, fiducie, etc. (art. 31).<\/span><\/p>\n<p style=\"text-align: justify;\"><span style=\"color: #808080;\">Les actes authentiques notari\u00e9s \u00e9tablis dans un Etat membre ont en principe la m\u00eame force probante dans un autre Etat membre que dans celui d\u2019origine et sont ex\u00e9cutoires aux m\u00eames conditions que pour les d\u00e9cisions (art. 59 et 60).<\/span><\/p>\n<p style=\"text-align: justify;\"><span style=\"color: #808080;\">Enfin, <strong>le R\u00e8glement europ\u00e9en admet \u00e0 certaines conditions, la validit\u00e9 des pactes successoraux<\/strong> alors prohib\u00e9s en tout ou en partie dans certains Etats membres (art. 25), comme la France et l\u2019Italie par exemples.<\/span><\/p>\n<h2 style=\"text-align: justify;\"><span style=\"text-decoration: underline;\"><span style=\"color: #0000ff; text-decoration: underline;\">4. Conclusion<\/span><\/span><\/h2>\n<p style=\"text-align: justify;\"><span style=\"color: #808080;\">On l\u2019a vu, le R\u00e8glement europ\u00e9en\u00a0\u00e0 une large port\u00e9e qui s\u2019\u00e9tend bien au-del\u00e0 de l\u2019Union europ\u00e9enne. S\u2019il faut saluer une avanc\u00e9e importante dans l\u2019harmonisation et la simplification du r\u00e8glement des successions internationales dans les Etats membres, il faut \u00e9galement souligner certaines incertitudes engendr\u00e9es et le risque de conflits de comp\u00e9tences et de lois.<\/span><\/p>\n<p style=\"text-align: justify;\"><span style=\"color: #808080;\">Vu la mobilit\u00e9 croissante des citoyens, il peut s\u2019av\u00e9rer complexe dans certaines circonstances de d\u00e9terminer la r\u00e9sidence habituelle (par exemple pour les pendulaires ou les retrait\u00e9s). Il appartiendra \u00e0 la Cour de justice de l\u2019Union europ\u00e9enne (CJUE) de trancher la notion de \u00ab\u00a0r\u00e9sidence habituelle\u00a0\u00bb, pour \u00e9viter que les Etats membres ou leurs tribunaux n\u2019adoptent chacun un r\u00e9gime diff\u00e9rent.<\/span><\/p>\n<p style=\"text-align: justify;\"><span style=\"color: #808080;\">Sur une note plus positive on rel\u00e8vera que<strong> le R\u00e8glement europ\u00e9en laisse une certaine marge de man\u0153uvre \u00e0 la planification successorale, y compris pour les successions dans les Etats tiers comme la Suisse.<\/strong><\/span><\/p>\n<p style=\"text-align: justify;\"><span style=\"color: #808080;\">Onyx &amp; Cie SA recommande \u00e0 chaque personne ayant des liens transfrontaliers avec un Etat membre (r\u00e9sidence, biens, nationalit\u00e9, etc.) d\u2019examiner avec attention les dispositions du R\u00e8glement europ\u00e9en\u00a0et d\u2019analyser l\u2019impact de ces r\u00e8gles sur sa propre succession.<\/span><\/p>\n<p style=\"text-align: justify;\"><span style=\"color: #808080;\">Nos avocats sp\u00e9cialis\u00e9s dans les successions internationales se tiennent \u00e0 votre disposition pour vous aider \u00e0 planifier la transmission de vos biens aux g\u00e9n\u00e9rations suivantes et \u00e0 revoir les dispositions que vous avez prises ant\u00e9rieurement au regard du nouveau droit.<\/span><\/p>\n<div class=\"fusion-clearfix\"><\/div><\/div><\/div><\/div><style type=\"text\/css\">.fusion-fullwidth.fusion-builder-row-1 { overflow:visible; }<\/style><\/div>\n","protected":false},"excerpt":{"rendered":"<p>Avec l\u2019accroissement de la mobilit\u00e9 des personnes au sein de l\u2019Union europ\u00e9enne et la diversification internationale des patrimoines, des probl\u00e8mes complexes en mati\u00e8re de successions se posent, notamment s\u2019agissant du droit applicable et de la comp\u00e9tence des tribunaux. Conclu en 2012 mais en force depuis le 17 ao\u00fbt dernier, le nouveau R\u00e8glement europ\u00e9en sur les [&hellip;]<\/p>\n","protected":false},"author":1,"featured_media":2054,"comment_status":"open","ping_status":"open","sticky":false,"template":"","format":"standard","meta":{"footnotes":""},"categories":[],"tags":[],"class_list":["post-1119","post","type-post","status-publish","format-standard","has-post-thumbnail","hentry"],"yoast_head":"<!-- This site is optimized with the Yoast SEO plugin v26.8 - https:\/\/yoast.com\/product\/yoast-seo-wordpress\/ -->\n<title>R\u00e8glement europ\u00e9en sur les successions: perspective suisse<\/title>\n<meta name=\"description\" content=\"Aper\u00e7u du R\u00e8glement europ\u00e9en sur les successions et de son impact en Suisse notamment au niveau du droit applicable et de la comp\u00e9tence des Tribunaux.\" \/>\n<meta name=\"robots\" content=\"index, follow, max-snippet:-1, max-image-preview:large, max-video-preview:-1\" \/>\n<link rel=\"canonical\" href=\"https:\/\/dev.onyx-cie.ch\/en\/reglement-europeen-sur-les-successions\/\" \/>\n<meta property=\"og:locale\" content=\"en_US\" \/>\n<meta property=\"og:type\" content=\"article\" \/>\n<meta property=\"og:title\" content=\"R\u00e8glement europ\u00e9en sur les successions: perspective suisse\" \/>\n<meta property=\"og:description\" content=\"Aper\u00e7u du R\u00e8glement europ\u00e9en sur les successions et de son impact en Suisse notamment au niveau du droit applicable et de la comp\u00e9tence des Tribunaux.\" \/>\n<meta property=\"og:url\" content=\"https:\/\/dev.onyx-cie.ch\/en\/reglement-europeen-sur-les-successions\/\" \/>\n<meta property=\"og:site_name\" content=\"We are an independent family office\" \/>\n<meta property=\"article:publisher\" content=\"https:\/\/www.facebook.com\/onyxcie\" \/>\n<meta property=\"article:published_time\" content=\"2015-11-26T14:50:23+00:00\" \/>\n<meta property=\"article:modified_time\" content=\"2018-12-07T09:09:16+00:00\" \/>\n<meta property=\"og:image\" content=\"https:\/\/dev.onyx-cie.ch\/wp-content\/uploads\/2016\/05\/Heritage.jpg\" \/>\n\t<meta property=\"og:image:width\" content=\"1000\" \/>\n\t<meta property=\"og:image:height\" content=\"617\" \/>\n\t<meta property=\"og:image:type\" content=\"image\/jpeg\" \/>\n<meta name=\"author\" content=\"onyx\" \/>\n<meta name=\"twitter:card\" content=\"summary_large_image\" \/>\n<meta name=\"twitter:creator\" content=\"@onyx_cie\" \/>\n<meta name=\"twitter:site\" content=\"@onyx_cie\" \/>\n<meta name=\"twitter:label1\" content=\"Written by\" \/>\n\t<meta name=\"twitter:data1\" content=\"onyx\" \/>\n\t<meta name=\"twitter:label2\" content=\"Est. reading time\" \/>\n\t<meta name=\"twitter:data2\" content=\"14 minutes\" \/>\n<script type=\"application\/ld+json\" class=\"yoast-schema-graph\">{\"@context\":\"https:\/\/schema.org\",\"@graph\":[{\"@type\":\"Article\",\"@id\":\"https:\/\/dev.onyx-cie.ch\/en\/reglement-europeen-sur-les-successions\/#article\",\"isPartOf\":{\"@id\":\"https:\/\/dev.onyx-cie.ch\/en\/reglement-europeen-sur-les-successions\/\"},\"author\":{\"name\":\"onyx\",\"@id\":\"https:\/\/dev.onyx-cie.ch\/#\/schema\/person\/412e13d665abfd9c634581aceaf8f2d1\"},\"headline\":\"Le R\u00e8glement europ\u00e9en sur les successions est entr\u00e9 en vigueur \u2013 Quel impact en Suisse ?\",\"datePublished\":\"2015-11-26T14:50:23+00:00\",\"dateModified\":\"2018-12-07T09:09:16+00:00\",\"mainEntityOfPage\":{\"@id\":\"https:\/\/dev.onyx-cie.ch\/en\/reglement-europeen-sur-les-successions\/\"},\"wordCount\":2747,\"commentCount\":0,\"image\":{\"@id\":\"https:\/\/dev.onyx-cie.ch\/en\/reglement-europeen-sur-les-successions\/#primaryimage\"},\"thumbnailUrl\":\"https:\/\/dev.onyx-cie.ch\/wp-content\/uploads\/2016\/05\/Heritage.jpg\",\"inLanguage\":\"en-US\",\"potentialAction\":[{\"@type\":\"CommentAction\",\"name\":\"Comment\",\"target\":[\"https:\/\/dev.onyx-cie.ch\/en\/reglement-europeen-sur-les-successions\/#respond\"]}]},{\"@type\":\"WebPage\",\"@id\":\"https:\/\/dev.onyx-cie.ch\/en\/reglement-europeen-sur-les-successions\/\",\"url\":\"https:\/\/dev.onyx-cie.ch\/en\/reglement-europeen-sur-les-successions\/\",\"name\":\"R\u00e8glement europ\u00e9en sur les successions: perspective suisse\",\"isPartOf\":{\"@id\":\"https:\/\/dev.onyx-cie.ch\/#website\"},\"primaryImageOfPage\":{\"@id\":\"https:\/\/dev.onyx-cie.ch\/en\/reglement-europeen-sur-les-successions\/#primaryimage\"},\"image\":{\"@id\":\"https:\/\/dev.onyx-cie.ch\/en\/reglement-europeen-sur-les-successions\/#primaryimage\"},\"thumbnailUrl\":\"https:\/\/dev.onyx-cie.ch\/wp-content\/uploads\/2016\/05\/Heritage.jpg\",\"datePublished\":\"2015-11-26T14:50:23+00:00\",\"dateModified\":\"2018-12-07T09:09:16+00:00\",\"author\":{\"@id\":\"https:\/\/dev.onyx-cie.ch\/#\/schema\/person\/412e13d665abfd9c634581aceaf8f2d1\"},\"description\":\"Aper\u00e7u du R\u00e8glement europ\u00e9en sur les successions et de son impact en Suisse notamment au niveau du droit applicable et de la comp\u00e9tence des Tribunaux.\",\"breadcrumb\":{\"@id\":\"https:\/\/dev.onyx-cie.ch\/en\/reglement-europeen-sur-les-successions\/#breadcrumb\"},\"inLanguage\":\"en-US\",\"potentialAction\":[{\"@type\":\"ReadAction\",\"target\":[\"https:\/\/dev.onyx-cie.ch\/en\/reglement-europeen-sur-les-successions\/\"]}]},{\"@type\":\"ImageObject\",\"inLanguage\":\"en-US\",\"@id\":\"https:\/\/dev.onyx-cie.ch\/en\/reglement-europeen-sur-les-successions\/#primaryimage\",\"url\":\"https:\/\/dev.onyx-cie.ch\/wp-content\/uploads\/2016\/05\/Heritage.jpg\",\"contentUrl\":\"https:\/\/dev.onyx-cie.ch\/wp-content\/uploads\/2016\/05\/Heritage.jpg\",\"width\":1000,\"height\":617,\"caption\":\"Onyx et Cie SA : Quel est l'impact en Suisse du R\u00e8glement europ\u00e9en sur les successions ?\"},{\"@type\":\"BreadcrumbList\",\"@id\":\"https:\/\/dev.onyx-cie.ch\/en\/reglement-europeen-sur-les-successions\/#breadcrumb\",\"itemListElement\":[{\"@type\":\"ListItem\",\"position\":1,\"name\":\"Accueil\",\"item\":\"https:\/\/dev.onyx-cie.ch\/en\/\"},{\"@type\":\"ListItem\",\"position\":2,\"name\":\"Le R\u00e8glement europ\u00e9en sur les successions est entr\u00e9 en vigueur \u2013 Quel impact en Suisse ?\"}]},{\"@type\":\"WebSite\",\"@id\":\"https:\/\/dev.onyx-cie.ch\/#website\",\"url\":\"https:\/\/dev.onyx-cie.ch\/\",\"name\":\"We are an independent family office\",\"description\":\"We have a presence in Europe, Asia and Oceania.\",\"potentialAction\":[{\"@type\":\"SearchAction\",\"target\":{\"@type\":\"EntryPoint\",\"urlTemplate\":\"https:\/\/dev.onyx-cie.ch\/?s={search_term_string}\"},\"query-input\":{\"@type\":\"PropertyValueSpecification\",\"valueRequired\":true,\"valueName\":\"search_term_string\"}}],\"inLanguage\":\"en-US\"},{\"@type\":\"Person\",\"@id\":\"https:\/\/dev.onyx-cie.ch\/#\/schema\/person\/412e13d665abfd9c634581aceaf8f2d1\",\"name\":\"onyx\",\"image\":{\"@type\":\"ImageObject\",\"inLanguage\":\"en-US\",\"@id\":\"https:\/\/dev.onyx-cie.ch\/#\/schema\/person\/image\/\",\"url\":\"https:\/\/secure.gravatar.com\/avatar\/022cbe086864ef09c045f2850980d5d9?s=96&d=mm&r=g\",\"contentUrl\":\"https:\/\/secure.gravatar.com\/avatar\/022cbe086864ef09c045f2850980d5d9?s=96&d=mm&r=g\",\"caption\":\"onyx\"},\"url\":\"https:\/\/dev.onyx-cie.ch\/en\/author\/onyx\/\"}]}<\/script>\n<!-- \/ Yoast SEO plugin. -->","yoast_head_json":{"title":"R\u00e8glement europ\u00e9en sur les successions: perspective suisse","description":"Aper\u00e7u du R\u00e8glement europ\u00e9en sur les successions et de son impact en Suisse notamment au niveau du droit applicable et de la comp\u00e9tence des Tribunaux.","robots":{"index":"index","follow":"follow","max-snippet":"max-snippet:-1","max-image-preview":"max-image-preview:large","max-video-preview":"max-video-preview:-1"},"canonical":"https:\/\/dev.onyx-cie.ch\/en\/reglement-europeen-sur-les-successions\/","og_locale":"en_US","og_type":"article","og_title":"R\u00e8glement europ\u00e9en sur les successions: perspective suisse","og_description":"Aper\u00e7u du R\u00e8glement europ\u00e9en sur les successions et de son impact en Suisse notamment au niveau du droit applicable et de la comp\u00e9tence des Tribunaux.","og_url":"https:\/\/dev.onyx-cie.ch\/en\/reglement-europeen-sur-les-successions\/","og_site_name":"We are an independent family office","article_publisher":"https:\/\/www.facebook.com\/onyxcie","article_published_time":"2015-11-26T14:50:23+00:00","article_modified_time":"2018-12-07T09:09:16+00:00","og_image":[{"width":1000,"height":617,"url":"https:\/\/dev.onyx-cie.ch\/wp-content\/uploads\/2016\/05\/Heritage.jpg","type":"image\/jpeg"}],"author":"onyx","twitter_card":"summary_large_image","twitter_creator":"@onyx_cie","twitter_site":"@onyx_cie","twitter_misc":{"Written by":"onyx","Est. reading time":"14 minutes"},"schema":{"@context":"https:\/\/schema.org","@graph":[{"@type":"Article","@id":"https:\/\/dev.onyx-cie.ch\/en\/reglement-europeen-sur-les-successions\/#article","isPartOf":{"@id":"https:\/\/dev.onyx-cie.ch\/en\/reglement-europeen-sur-les-successions\/"},"author":{"name":"onyx","@id":"https:\/\/dev.onyx-cie.ch\/#\/schema\/person\/412e13d665abfd9c634581aceaf8f2d1"},"headline":"Le R\u00e8glement europ\u00e9en sur les successions est entr\u00e9 en vigueur \u2013 Quel impact en Suisse ?","datePublished":"2015-11-26T14:50:23+00:00","dateModified":"2018-12-07T09:09:16+00:00","mainEntityOfPage":{"@id":"https:\/\/dev.onyx-cie.ch\/en\/reglement-europeen-sur-les-successions\/"},"wordCount":2747,"commentCount":0,"image":{"@id":"https:\/\/dev.onyx-cie.ch\/en\/reglement-europeen-sur-les-successions\/#primaryimage"},"thumbnailUrl":"https:\/\/dev.onyx-cie.ch\/wp-content\/uploads\/2016\/05\/Heritage.jpg","inLanguage":"en-US","potentialAction":[{"@type":"CommentAction","name":"Comment","target":["https:\/\/dev.onyx-cie.ch\/en\/reglement-europeen-sur-les-successions\/#respond"]}]},{"@type":"WebPage","@id":"https:\/\/dev.onyx-cie.ch\/en\/reglement-europeen-sur-les-successions\/","url":"https:\/\/dev.onyx-cie.ch\/en\/reglement-europeen-sur-les-successions\/","name":"R\u00e8glement europ\u00e9en sur les successions: perspective suisse","isPartOf":{"@id":"https:\/\/dev.onyx-cie.ch\/#website"},"primaryImageOfPage":{"@id":"https:\/\/dev.onyx-cie.ch\/en\/reglement-europeen-sur-les-successions\/#primaryimage"},"image":{"@id":"https:\/\/dev.onyx-cie.ch\/en\/reglement-europeen-sur-les-successions\/#primaryimage"},"thumbnailUrl":"https:\/\/dev.onyx-cie.ch\/wp-content\/uploads\/2016\/05\/Heritage.jpg","datePublished":"2015-11-26T14:50:23+00:00","dateModified":"2018-12-07T09:09:16+00:00","author":{"@id":"https:\/\/dev.onyx-cie.ch\/#\/schema\/person\/412e13d665abfd9c634581aceaf8f2d1"},"description":"Aper\u00e7u du R\u00e8glement europ\u00e9en sur les successions et de son impact en Suisse notamment au niveau du droit applicable et de la comp\u00e9tence des Tribunaux.","breadcrumb":{"@id":"https:\/\/dev.onyx-cie.ch\/en\/reglement-europeen-sur-les-successions\/#breadcrumb"},"inLanguage":"en-US","potentialAction":[{"@type":"ReadAction","target":["https:\/\/dev.onyx-cie.ch\/en\/reglement-europeen-sur-les-successions\/"]}]},{"@type":"ImageObject","inLanguage":"en-US","@id":"https:\/\/dev.onyx-cie.ch\/en\/reglement-europeen-sur-les-successions\/#primaryimage","url":"https:\/\/dev.onyx-cie.ch\/wp-content\/uploads\/2016\/05\/Heritage.jpg","contentUrl":"https:\/\/dev.onyx-cie.ch\/wp-content\/uploads\/2016\/05\/Heritage.jpg","width":1000,"height":617,"caption":"Onyx et Cie SA : Quel est l'impact en Suisse du R\u00e8glement europ\u00e9en sur les successions ?"},{"@type":"BreadcrumbList","@id":"https:\/\/dev.onyx-cie.ch\/en\/reglement-europeen-sur-les-successions\/#breadcrumb","itemListElement":[{"@type":"ListItem","position":1,"name":"Accueil","item":"https:\/\/dev.onyx-cie.ch\/en\/"},{"@type":"ListItem","position":2,"name":"Le R\u00e8glement europ\u00e9en sur les successions est entr\u00e9 en vigueur \u2013 Quel impact en Suisse ?"}]},{"@type":"WebSite","@id":"https:\/\/dev.onyx-cie.ch\/#website","url":"https:\/\/dev.onyx-cie.ch\/","name":"We are an independent family office","description":"We have a presence in Europe, Asia and Oceania.","potentialAction":[{"@type":"SearchAction","target":{"@type":"EntryPoint","urlTemplate":"https:\/\/dev.onyx-cie.ch\/?s={search_term_string}"},"query-input":{"@type":"PropertyValueSpecification","valueRequired":true,"valueName":"search_term_string"}}],"inLanguage":"en-US"},{"@type":"Person","@id":"https:\/\/dev.onyx-cie.ch\/#\/schema\/person\/412e13d665abfd9c634581aceaf8f2d1","name":"onyx","image":{"@type":"ImageObject","inLanguage":"en-US","@id":"https:\/\/dev.onyx-cie.ch\/#\/schema\/person\/image\/","url":"https:\/\/secure.gravatar.com\/avatar\/022cbe086864ef09c045f2850980d5d9?s=96&d=mm&r=g","contentUrl":"https:\/\/secure.gravatar.com\/avatar\/022cbe086864ef09c045f2850980d5d9?s=96&d=mm&r=g","caption":"onyx"},"url":"https:\/\/dev.onyx-cie.ch\/en\/author\/onyx\/"}]}},"_links":{"self":[{"href":"https:\/\/dev.onyx-cie.ch\/en\/wp-json\/wp\/v2\/posts\/1119","targetHints":{"allow":["GET"]}}],"collection":[{"href":"https:\/\/dev.onyx-cie.ch\/en\/wp-json\/wp\/v2\/posts"}],"about":[{"href":"https:\/\/dev.onyx-cie.ch\/en\/wp-json\/wp\/v2\/types\/post"}],"author":[{"embeddable":true,"href":"https:\/\/dev.onyx-cie.ch\/en\/wp-json\/wp\/v2\/users\/1"}],"replies":[{"embeddable":true,"href":"https:\/\/dev.onyx-cie.ch\/en\/wp-json\/wp\/v2\/comments?post=1119"}],"version-history":[{"count":4,"href":"https:\/\/dev.onyx-cie.ch\/en\/wp-json\/wp\/v2\/posts\/1119\/revisions"}],"predecessor-version":[{"id":2052,"href":"https:\/\/dev.onyx-cie.ch\/en\/wp-json\/wp\/v2\/posts\/1119\/revisions\/2052"}],"wp:featuredmedia":[{"embeddable":true,"href":"https:\/\/dev.onyx-cie.ch\/en\/wp-json\/wp\/v2\/media\/2054"}],"wp:attachment":[{"href":"https:\/\/dev.onyx-cie.ch\/en\/wp-json\/wp\/v2\/media?parent=1119"}],"wp:term":[{"taxonomy":"category","embeddable":true,"href":"https:\/\/dev.onyx-cie.ch\/en\/wp-json\/wp\/v2\/categories?post=1119"},{"taxonomy":"post_tag","embeddable":true,"href":"https:\/\/dev.onyx-cie.ch\/en\/wp-json\/wp\/v2\/tags?post=1119"}],"curies":[{"name":"wp","href":"https:\/\/api.w.org\/{rel}","templated":true}]}}